{"id":1010,"date":"2026-08-31T17:29:56","date_gmt":"2026-08-31T17:29:56","guid":{"rendered":"https:\/\/disidenciadigital.com\/?p=1010"},"modified":"2026-09-02T17:30:52","modified_gmt":"2026-09-02T17:30:52","slug":"ha-empezado-la-nueva-guerra-en-espana","status":"publish","type":"post","link":"https:\/\/disidenciadigital.com\/en\/ha-empezado-la-nueva-guerra-en-espana\/","title":{"rendered":"\u00bfHa empezado la nueva guerra en Espa\u00f1a?"},"content":{"rendered":"<p class=\"wp-block-paragraph\"><strong><em>\u00bfPara qu\u00e9 sirve el ej\u00e9rcito espa\u00f1ol?<\/em><\/strong><\/p>\n\n\n\n<p class=\"wp-block-paragraph\">Conversaciones del Caba\u00f1al. Profesores universitarios comentan la paranoia nacional. <strong>G:<\/strong> \u00bfCre\u00e9is que hay delito de traici\u00f3n por parte del gobierno?<\/p>\n\n\n\n<p class=\"wp-block-paragraph\"><strong>L:<\/strong> Un traidor es quien tiene responsabilidad de cuidar la soberan\u00eda de Espa\u00f1a y no lo hace. <strong>Todo cooperante con un traidor tambi\u00e9n es traidor funcional<\/strong>, no lo es legalmente, <strong>pero si hay guerra civil o contra el invasor<\/strong>, <strong>pueden ser buscados y exigirles responsabilidades.<\/strong> Continuar cooperando en la traici\u00f3n puede no salirle gratis, ni a los cooperantes ni tibios. <strong>En guerra no caben tibiezas, mejor no estar en el lado de los perdedores.<\/strong> En Ceuta puede nacer un enfrentamiento civil porque los ceut\u00edes est\u00e1n abandonados por el gobierno y los inmigrantes adultos que se han quedado son militares camuflados que van a provocar para desestabilizar.<\/p>\n\n\n\n<p class=\"wp-block-paragraph\"><strong>A<\/strong>: <strong>El gobierno espa\u00f1ol dice que Marruecos es un vecino<\/strong> <strong>fiable<\/strong>. Si el enemigo invasor es disculpado por el invadido, \u00bfcu\u00e1l es el precio del soborno? \u00bfqui\u00e9n defiende la soberan\u00eda nacional, la Constituci\u00f3n y a los ceut\u00edes invadidos que pagan sus impuestos y no pueden vivir por miedo y sin libertad por la inseguridad generada por los invasores? Los inmigrantes adultos que se han quedado no se ir\u00e1n si no los echa el ejercito y se quedar\u00e1n hasta la pr\u00f3xima invasi\u00f3n que ser\u00e1 cuando convoque elecciones S\u00e1nchez.&nbsp;<\/p>\n\n\n\n<p class=\"wp-block-paragraph\"><strong>G<\/strong>: Y el d\u00eda de la invasi\u00f3n general medio gobierno y las \u00e9lites socialistas estaban celebrando la fiesta marroqu\u00ed en honor de Mohamed VI en la embajada de Marruecos en Madrid. \u00bfQui\u00e9n es culpable, solo el gobierno, el Rey, alg\u00fan general? Mucha gente que deber\u00eda defender la soberan\u00eda de Ceuta no cumple sus obligaciones constitucionales.<\/p>\n\n\n\n<p class=\"wp-block-paragraph\"><strong>A<\/strong>: Vox ha presentado denuncia de traici\u00f3n contra el gobierno, pero ya sabemos que el tribunal Supremo lo dejar\u00e1 aparcado. Nadie ser\u00e1 culpable. <strong>La noche electoral, cuando sea, tendremos el eclipse nacional<\/strong>, <strong>habr\u00e1 ocupaci\u00f3n de Ceuta por Marruecos aprovechando la debilidad nacional.<\/strong> Al perdedor de las elecciones le interesar\u00e1 que haya conflicto. Ser\u00e1 como el 11 M cuando tuvimos atentado para darle la vuelta al resultado electoral.&nbsp;<\/p>\n\n\n\n<p class=\"wp-block-paragraph\"><strong>L<\/strong>: <strong>Nadie sabe el alcance de lo que ocurrir\u00e1 la noche electoral.<\/strong> Los grandes sindicatos UGT y CC. OO y el nuevo frente popular saldr\u00e1n a la calle para \u201csalvar la democracia\u201d por el peligro de la extrema derecha. Los j\u00f3venes que votan a VOX saldr\u00e1n a la calle tambi\u00e9n, <strong>y el ej\u00e9rcito por no intervenir mucho antes tendr\u00e1 que hacerlo mientras el problema de Ceuta se agravar\u00e1.<\/strong> La gente no tiene ni idea de lo que puede ocurrir.&nbsp;<\/p>\n\n\n\n<p class=\"wp-block-paragraph\">A: Esos votantes forofos que impiden el cambio profundo y necesario ser\u00e1n corresponsables de lo que se avecina. El resultado electoral sin manipulaci\u00f3n ser\u00e1 aproximadamente: 130 esca\u00f1os PP, 68 Vox, etc., pero <strong>el frente popular separatista comunista no aceptar\u00e1 el resultado y sacar\u00e1 a sus huestes a desestabilizar las calles<\/strong> y Marruecos adelante con la invasi\u00f3n de Ceuta. \u00bfY entonces qu\u00e9 pasa?<\/p>\n\n\n\n<p class=\"wp-block-paragraph\"><strong>G<\/strong>: \u00bfY cu\u00e1ndo ser\u00e1 eso, las elecciones?&nbsp;&nbsp;<\/p>\n\n\n\n<p class=\"wp-block-paragraph\"><strong>A<\/strong>: Hay mucho listo que dice que si en marzo 2027, pero S\u00e1nchez tiene que indultar todo lo que pueda, necesita trabajarse votos de la ley de nietos, de regularizados, yo creo que ser\u00e1 en julio-agosto 2027. La l\u00f3gica electoral de no coincidir con otro tipo de elecciones a S\u00e1nchez le dan igual.<\/p>\n\n\n\n<p class=\"wp-block-paragraph\"><strong>L:<\/strong> Buena fecha para invadir Ceuta, con el calor apetece nadar, entrar\u00e1n 100.000 ilegales e inundar\u00e1n Ceuta para no irse, muchos de ellos militares camuflados con traje de ba\u00f1o. En la madrugada del 27 de agosto pasado a las 5 de la madrugada 40 inmigrantes marroqu\u00edes atacaron a un coche militar espa\u00f1ol los acorralaron y apedrearon. Los cuatro militares espa\u00f1oles abandonaron el coche y luego los persiguieron a grandes pedradas a los 4 militares corriendo a pie. Varios tuvieron que ir al hospital. Esos tipos marroqu\u00edes son militares de paisano organizados. \u00bfEl ej\u00e9rcito no tiene nada que decir de este ataque en territorio espa\u00f1ol a militares? Estamos listos con este ej\u00e9rcito o quien les manda.<\/p>\n\n\n\n<p class=\"wp-block-paragraph\"><strong>G:<\/strong> \u00bfY cuantos cooperan blanqueando la traici\u00f3n nacional?<\/p>\n\n\n\n<p class=\"wp-block-paragraph\"><strong>A:<\/strong> Mira para empezar con uno que no se ve, ah\u00ed ten\u00e9is a <strong>Alfonso Rueda<\/strong> el gallego sucesor de Feij\u00f3o, que es el \u00fanico presidente de comunidad del PP que dice que est\u00e1 <strong>dispuesto a acoger en Galicia a los invasores de Ceuta<\/strong>, si le dan recursos.<\/p>\n\n\n\n<p class=\"wp-block-paragraph\"><strong>L:<\/strong> Ese gallego con cara de monaguillo que no ha roto un plato nunca es un socialista con siglas del PP. Fue el primero que ofreci\u00f3 primera matr\u00edcula universitaria gratuita, y despu\u00e9s lo han copiado otros contribuyendo al derroche nacional.&nbsp;<\/p>\n\n\n\n<p class=\"wp-block-paragraph\"><strong>A<\/strong>: En Galicia es el \u00fanico sitio donde Vox no logra esca\u00f1os nacionales, cuando saque uno el PP perder\u00e1 el gobierno gallego. Rueda contribuye a la traici\u00f3n de Ceuta porque coopera con la estrategia del gobierno traidor que ha abandonado Ceuta hasta que la ocupe definitivamente Marruecos. Solo falta que M. Robles dimita por la pelea con Interior la ha ganado Marlaska, entonces todo se adelantar\u00eda.&nbsp;<\/p>\n\n\n\n<p class=\"wp-block-paragraph\"><strong>G:<\/strong> \u00bfQui\u00e9n debe defender las fronteras?<\/p>\n\n\n\n<p class=\"wp-block-paragraph\"><strong>A:<\/strong> Parece que las ONG pagadas con nuestros impuestos porque no puedes odiar al invasor. \u00bfTiene un militar que odiar a su enemigo? Yo no s\u00e9 para qu\u00e9 queremos a un ej\u00e9rcito que no nos defiende. La pr\u00f3xima guerra civil va a empezar en Ceuta.&nbsp;<\/p>\n\n\n\n<p class=\"wp-block-paragraph\"><strong>L:<\/strong> La invasi\u00f3n de gente que agrede a militares espa\u00f1oles en territorio espa\u00f1ol es una verg\u00fcenza para todos los militares espa\u00f1oles, lo que deber\u00edan hacer es dimitir e irse a casa por in\u00fatiles. Tengo amigos militares, no me dicen como se sienten pero me los imagino avergonzados. Parece que solo sirven para desalojar de sus casas a las v\u00edctimas de incendios. Tambi\u00e9n para vigilar residencias oficiales del gobierno, son servidores de un gobern\u00f3 traidor.<\/p>\n\n\n\n<p class=\"wp-block-paragraph\"><strong>G<\/strong>: Para el gobierno la culpa es de la extrema derecha por emitir mensajes de odio.<\/p>\n\n\n\n<p class=\"wp-block-paragraph\"><strong>A:<\/strong>&nbsp; Qu\u00e9 poco originales son, ese mensaje es para forofos o para tontos, si es que hay diferencia entre unos y otros. A la guerra hibrida la llaman crisis migratoria. Han debido pagarle muy bien a alguien para llegar a este escenario.&nbsp;<\/p>\n\n\n\n<p class=\"wp-block-paragraph\"><strong>L<\/strong>: Todos los ilustres socialistas con mansiones en Marruecos como Felipe Gonz\u00e1lez est\u00e1n muy calladitos. <strong>Aznar en cambio ha ido a Ceuta porque el siente que lo que ocurre es peor que cuando tuvo que resolver el caso Perejil<\/strong>. Todas las guerras nacen de alg\u00fan evento que sirve como excusa para iniciarla. Cualquier gobierno con un m\u00ednimo sentido patri\u00f3tico despu\u00e9s del atentado del pasado 27 de agosto donde 40 inmigrantes atacaron y humillado a un coche militar espa\u00f1ol, deber\u00eda expulsar inmediatamente a todos los inmigrantes ilegales. Si como debieron hacer los 4 militares repelen con armas el ataque el conflicto se habr\u00eda catalizado.<\/p>\n\n\n\n<p class=\"wp-block-paragraph\"><strong>G<\/strong>: Aznar es soberbio, pero es m\u00e1s patriota que todos los militantes del PP actual.<\/p>\n\n\n\n<p class=\"wp-block-paragraph\"><strong>A:<\/strong> La invasi\u00f3n de Ceuta va a ser un problema sin resolver hasta que S\u00e1nchez tenga que convocar elecciones por la escalada del conflicto y aprovechar\u00e1 la rendici\u00f3n velada a Marruecos para alterar el resultado electoral previsto.<\/p>\n\n\n\n<p class=\"wp-block-paragraph\"><strong>L:<\/strong> Es posible que S\u00e1nchez venda el discurso siguiente: <strong>\u00bfquieren un gobierno de ultraderecha que plantee una guerra contra Marruecos o una soluci\u00f3n pac\u00edfica<\/strong>? Adem\u00e1s, as\u00ed pone por delante de la corrupci\u00f3n el problema de la paz y Espa\u00f1a est\u00e1 repleta de cobardes. Eso equivale a decir que entrega Ceuta a Marruecos si gana, pero \u00bflos millones de votantes forofos y tibios que votan al PSOE y al PP se atrever\u00e1n a la soluci\u00f3n patri\u00f3tica?<\/p>\n\n\n\n<p class=\"wp-block-paragraph\"><strong>G:<\/strong> La gente no est\u00e1 en un ambiente preb\u00e9lico.<\/p>\n\n\n\n<p class=\"wp-block-paragraph\"><strong>A:<\/strong> Al PP y al PSOE, a ambos los votan empleados p\u00fablicos y pensionistas, que son 13 millones, gran parte de gente mayor asustada que se creer\u00e1n el \u00f3rdago del miedo no solo a la ultraderecha sino a la guerra con Marruecos. Pero deben saber esos votantes que la opci\u00f3n pac\u00edfica significa entregar Ceuta, despu\u00e9s Melilla, y despu\u00e9s Canarias, es la aniquilaci\u00f3n de Espa\u00f1a a plazos.&nbsp;<\/p>\n\n\n\n<p class=\"wp-block-paragraph\"><strong>L<\/strong>: La hipot\u00e9tica pregunta de S\u00e1nchez al electorado es falsa porque si Espa\u00f1a expulsa a todos los inmigrantes de Ceuta y cierra las fronteras de verdad y expulsa a los ilegales que ya hay dentro de Espa\u00f1a, entonces Marruecos dar\u00e1 marcha atr\u00e1s. Solo poniendo al ej\u00e9rcito por delante Marruecos dar\u00eda marcha atr\u00e1s.<\/p>","protected":false},"excerpt":{"rendered":"<p>\u00bfPara qu\u00e9 sirve el ej\u00e9rcito espa\u00f1ol? Conversaciones del Caba\u00f1al. Profesores universitarios comentan la paranoia nacional. G: \u00bfCre\u00e9is que hay delito de traici\u00f3n por parte del gobierno? L: Un traidor es quien tiene responsabilidad de cuidar la soberan\u00eda de Espa\u00f1a y no lo hace. Todo cooperante con un traidor tambi\u00e9n es traidor funcional, no lo es &#8230; <a title=\"\u00bfHa empezado la nueva guerra en Espa\u00f1a?\" class=\"read-more\" href=\"https:\/\/disidenciadigital.com\/en\/ha-empezado-la-nueva-guerra-en-espana\/\" aria-label=\"More on \u00bfHa empezado la nueva guerra en Espa\u00f1a?\">Read more<\/a><\/p>","protected":false},"author":2,"featured_media":0,"comment_status":"open","ping_status":"open","sticky":false,"template":"","format":"standard","meta":{"footnotes":""},"categories":[13],"tags":[],"class_list":["post-1010","post","type-post","status-publish","format-standard","hentry","category-politica"],"_links":{"self":[{"href":"https:\/\/disidenciadigital.com\/en\/wp-json\/wp\/v2\/posts\/1010","targetHints":{"allow":["GET"]}}],"collection":[{"href":"https:\/\/disidenciadigital.com\/en\/wp-json\/wp\/v2\/posts"}],"about":[{"href":"https:\/\/disidenciadigital.com\/en\/wp-json\/wp\/v2\/types\/post"}],"author":[{"embeddable":true,"href":"https:\/\/disidenciadigital.com\/en\/wp-json\/wp\/v2\/users\/2"}],"replies":[{"embeddable":true,"href":"https:\/\/disidenciadigital.com\/en\/wp-json\/wp\/v2\/comments?post=1010"}],"version-history":[{"count":1,"href":"https:\/\/disidenciadigital.com\/en\/wp-json\/wp\/v2\/posts\/1010\/revisions"}],"predecessor-version":[{"id":1011,"href":"https:\/\/disidenciadigital.com\/en\/wp-json\/wp\/v2\/posts\/1010\/revisions\/1011"}],"wp:attachment":[{"href":"https:\/\/disidenciadigital.com\/en\/wp-json\/wp\/v2\/media?parent=1010"}],"wp:term":[{"taxonomy":"category","embeddable":true,"href":"https:\/\/disidenciadigital.com\/en\/wp-json\/wp\/v2\/categories?post=1010"},{"taxonomy":"post_tag","embeddable":true,"href":"https:\/\/disidenciadigital.com\/en\/wp-json\/wp\/v2\/tags?post=1010"}],"curies":[{"name":"wp","href":"https:\/\/api.w.org\/{rel}","templated":true}]}}