{"id":1004,"date":"2026-08-14T16:52:22","date_gmt":"2026-08-14T16:52:22","guid":{"rendered":"https:\/\/disidenciadigital.com\/?p=1004"},"modified":"2026-08-30T16:54:20","modified_gmt":"2026-08-30T16:54:20","slug":"evaluaciones-que-devaluan-derrochan-y-enferman","status":"publish","type":"post","link":"https:\/\/disidenciadigital.com\/en\/evaluaciones-que-devaluan-derrochan-y-enferman\/","title":{"rendered":"Evaluaciones que deval\u00faan, derrochan y enferman"},"content":{"rendered":"<p class=\"wp-block-paragraph\"><strong><em>La evaluaci\u00f3n cuantitativa solo es aplicable a actividades mec\u00e1nicas.<\/em><\/strong><\/p>\n\n\n\n<p class=\"wp-block-paragraph\"><br>Conversaciones del Caba\u00f1al. Profesores universitarios comentan la actualidad<\/p>\n\n\n\n<p class=\"wp-block-paragraph\">en la bodega El Caba\u00f1al.&nbsp;<\/p>\n\n\n\n<p class=\"wp-block-paragraph\"><strong>G<\/strong>: Por fin pas\u00f3 el eclipse solar, \u00bfqu\u00e9 hab\u00e9is le\u00eddo esta semana?<\/p>\n\n\n\n<p class=\"wp-block-paragraph\"><strong>L:<\/strong> Me preocupan los eclipses que nadie ve. Los dirigentes no quieren cr\u00edticas, las quieren callar, incluso legislan y llaman bulos lo que no les conviene. \u00bfSab\u00e9is lo que dec\u00eda Her\u00e1clito de \u00c9feso hace 26 siglos? Dijo: <strong>Aquello que se opone produce beneficio.<\/strong> Sin embargo, en Espa\u00f1a al cr\u00edtico, al disidente, si pudieran lo colgar\u00edan.<\/p>\n\n\n\n<p class=\"wp-block-paragraph\">A: Se atribuye a un jesuita, un dogma que ha causado y causa mucho da\u00f1o en el sector p\u00fablico. Reza as\u00ed, \u201clo que no se eval\u00faa se deval\u00faa\u201d. Este pensamiento ha causado mucho mal porque falta un adjetivo, deber\u00eda ser: <strong>Lo que no se eval\u00faa bien, se deval\u00faa.&nbsp;<\/strong><\/p>\n\n\n\n<p class=\"wp-block-paragraph\"><strong>G<\/strong>: \u00bfY qu\u00e9 es una buena evaluaci\u00f3n?<\/p>\n\n\n\n<p class=\"wp-block-paragraph\"><strong>L<\/strong>: Depende, pero hay una ley enunciada por el soci\u00f3logo norteamericano Donald T. Campbell en 1975, que dice que <strong>las personas u organizaciones de personas<\/strong> <strong>nunca deben evaluarse por cantidades<\/strong> <strong>porque degeneran y producen resultados contrarios a los deseados.<\/strong> El motivo es que la inteligencia humana busca y encuentra atajos y corrompe el m\u00e9todo de evaluaci\u00f3n.&nbsp;<\/p>\n\n\n\n<p class=\"wp-block-paragraph\"><strong>A<\/strong>: Los ingenieros y economistas tienen muchas virtudes, pero tienen el defecto de abusar de los n\u00fameros, creen que con ellos se puede medir todo, y en absoluto es verdad. Tambi\u00e9n creen que lo que no se mide no se puede mejorar. Eso tampoco es verdad. <strong>Si das libertad para asumir riesgos puedes obtener excelencia<\/strong>.<\/p>\n\n\n\n<p class=\"wp-block-paragraph\"><strong>G<\/strong>: \u00bfQu\u00e9 cosas buenas tienen? \u00bfQu\u00e9 es excelencia?<\/p>\n\n\n\n<p class=\"wp-block-paragraph\"><strong>A<\/strong>: <strong>Excelencia es el h\u00e1bito de hacer las cosas bien<\/strong>. Los ingenieros tienen inclinaci\u00f3n a medir las cosas, buscan soluciones a los problemas, aunque no sean las mejores, facilitan la supervivencia. Digamos que no buscan la excelencia o no la pueden encontrar. Primero necesitas ingenieros y economistas, pero para hilar fino necesitas humanistas y si me apuras artistas. Creo que los conozco bien, he trabajado con ellos 48 a\u00f1os.<\/p>\n\n\n\n<p class=\"wp-block-paragraph\"><strong>L<\/strong>: Es curioso, pero los matem\u00e1ticos estudiamos teor\u00eda de la medida y sabemos que hay cosas medibles y no medibles. Tambi\u00e9n sabemos que lo no medible es raro, pero existe. Ellos no tienen precauciones. <strong>He observado que en secundaria se ha despreciado las propiedades del n\u00famero rea<\/strong>l, el profesorado de secundaria ha debido decidir que no es \u00fatil, y los alumnos no toman precauciones, no saben manejar desigualdades, como afectan los signos al multiplicar una desigualdad por un n\u00famero, si es importante que sea positivo o negativo.<\/p>\n\n\n\n<p class=\"wp-block-paragraph\"><strong>G<\/strong>: \u00bfTambi\u00e9n tendr\u00e1n cosas buenas y malas los humanistas, abogados?<\/p>\n\n\n\n<p class=\"wp-block-paragraph\"><strong>A<\/strong>: Si volviera a nacer, en lugar de estudiar matem\u00e1ticas estudiar\u00eda leyes. Cuando ten\u00eda 18 a\u00f1os me parec\u00edan aburridas, ahora no. Los j\u00f3venes no podemos conocer muchas cosas y necesitamos fe para confiar en los mayores. Yo tiendo a la desobediencia y a la duda de todo lo que me dicen. Nunca he sido forofo, obediente incondicional.<\/p>\n\n\n\n<p class=\"wp-block-paragraph\"><strong>L<\/strong>: Los ingleses no tienen Constituci\u00f3n escrita. Una vez pregunt\u00e9 a un colega matem\u00e1tico gal\u00e9s, \u00bfPor qu\u00e9 los ingleses no ten\u00e9is Constituci\u00f3n escrita? Y me contest\u00f3 que era para que un buen abogado no pudiese encontrar una interpretaci\u00f3n torcida. Cualquier texto puede ser usado o malinterpretado en contra de alguien. El cardenal Richelieu (1585-1642) dijo: \u201c<strong>Dadme seis l\u00edneas escritas de su pu\u00f1o y letra por el hombre m\u00e1s honrado, y encontrar\u00e9 en ellas motivo suficiente para hacerlo encarcelar, o ahorcarlo\u201d<\/strong><\/p>\n\n\n\n<p class=\"wp-block-paragraph\"><strong>A<\/strong>: El eclipse solar acab\u00f3, pero el eclipse electoral de los espa\u00f1oles no. M\u00e1s all\u00e1 de la astronom\u00eda, un eclipse es la ocultaci\u00f3n de una cosa por otra. El Gobierno eclipsa la realidad de Espa\u00f1a con la propaganda, los rectores hacen lo mismo en la universidad p\u00fablica. Aparte de Her\u00e1clito he le\u00eddo un art\u00edculo muy interesante del profesor Emilio Delgado L\u00f3pez-C\u00f3zar, titulado <strong>Ansiedad, estr\u00e9s y depresi\u00f3n en la universidad espa\u00f1ola: efectos de la presi\u00f3n por publicar inducida por el sistema de evaluaci\u00f3n cient\u00edfica.<\/strong><\/p>\n\n\n\n<p class=\"wp-block-paragraph\"><strong>L:<\/strong> Es raro que hayas le\u00eddo algo interesante escrito por un profesor, jaja.<\/p>\n\n\n\n<p class=\"wp-block-paragraph\"><strong>G<\/strong>: \u00bfQu\u00e9 porcentaje de compa\u00f1eros de trabajo cre\u00e9is que son enfermos mentales?&nbsp;<\/p>\n\n\n\n<p class=\"wp-block-paragraph\"><strong>A<\/strong>: Si es interesante porque habla <strong>del eclipse mental que sufre la universidad p\u00fablica por el sistema de evaluaci\u00f3n cient\u00edfica<\/strong>. En el citado art\u00edculo se sugiere que el 90% est\u00e1n enfermos, a trav\u00e9s de encuestas realizadas en las universidades andaluzas.<\/p>\n\n\n\n<p class=\"wp-block-paragraph\"><strong>L<\/strong>: Los andaluces tienen una manera de entender la vida que suaviza la adversidad, fuera de Andaluc\u00eda seguro que el porcentaje es mayor.<\/p>\n\n\n\n<p class=\"wp-block-paragraph\"><strong>G<\/strong>: \u00bfQu\u00e9 dice el art\u00edculo de Delgado L\u00f3pez-C\u00f3zar, que no sepamos? \u00daltimamente se habla mucho de enfermedades mentales en deportistas de \u00e9lite.<\/p>\n\n\n\n<p class=\"wp-block-paragraph\"><strong>A<\/strong>: Es curioso, pero hay analog\u00edas entre las enfermedades mentales de los deportistas y de los acad\u00e9micos, y est\u00e1 tapado, es en realidad un eclipse mental tapado por la propaganda. <strong>No conviene que se sepa que las \u00e9lites est\u00e1n enfermas<\/strong>.<\/p>\n\n\n\n<p class=\"wp-block-paragraph\"><strong>L<\/strong>: Si el 90% de los profesores est\u00e1n enfermos, \u00bfqu\u00e9 pasar\u00e1 con los alumnos?&nbsp;<\/p>\n\n\n\n<p class=\"wp-block-paragraph\"><strong>A<\/strong>: Los alumnos que nos llegan a la universidad ya llegan enfermos de secundaria.<\/p>\n\n\n\n<p class=\"wp-block-paragraph\"><strong>G<\/strong>: Parece que el art\u00edculo de L\u00f3pez-C\u00f3zar est\u00e1 basado en encuestas. \u00bfOs ha sorprendido algo?<\/p>\n\n\n\n<p class=\"wp-block-paragraph\"><strong>A<\/strong>: Lo pod\u00e9is bajar de internet, una de las maneras de corrupci\u00f3n acad\u00e9mica me ha sorprendido, por desconocido. Un ayudante doctor confiesa que eran 4 compa\u00f1eros independientes y en el art\u00edculo que cada uno de ellos lograba, firmaban los 4 como coautores, sin participar los otros tres en nada, y as\u00ed multiplicaban por 4 su curr\u00edculo investigador. El estr\u00e9s, la ansiedad que confiesan es alarmante, pero nada sorprendente. Los catedr\u00e1ticos se fabrican de manera parecida en un grupo consolidado y amplio, que utilizan el m\u00e9todo de estos j\u00f3venes.<\/p>\n\n\n\n<p class=\"wp-block-paragraph\"><strong>L:<\/strong> La autor\u00eda real en publicaciones multi autor es un esc\u00e1ndalo, la repetici\u00f3n de ideas camufladas para publicar m\u00e1s una verg\u00fcenza \u00bfQu\u00e9 enfermedades mentales declaran padecer los investigadores?<\/p>\n\n\n\n<p class=\"wp-block-paragraph\"><strong>A<\/strong>: Mucho estr\u00e9s, ansiedad, depresi\u00f3n, insomnio, roturas familiares, retraso enorme de la maternidad para las mujeres. Yo confieso que he pecado, era un adicto al trabajo y me cost\u00f3 el divorcio.&nbsp;<\/p>\n\n\n\n<p class=\"wp-block-paragraph\"><strong>G<\/strong>: \u00bfC\u00f3mo cambiaste de opini\u00f3n al respecto, si lo hiciste?<\/p>\n\n\n\n<p class=\"wp-block-paragraph\"><strong>A:<\/strong> Siendo director de instituto de investigaci\u00f3n, estaba tan equivocado que estimulaba la productividad repartiendo m\u00e1s de la mitad del presupuesto del centro en incentivos de acuerdo con la productividad. Hasta que un a\u00f1o, dos autores que firmaban todo juntos publicaron 22 art\u00edculos en buenas revistas en un a\u00f1o. <strong>Eso es imposible salvo que sean repeticiones enmascaradas<\/strong>. A partir de ah\u00ed, cambi\u00e9 la distribuci\u00f3n del presupuesto y empec\u00e9 a investigar lo que pasaba.<\/p>\n\n\n\n<p class=\"wp-block-paragraph\">Cuando tropec\u00e9 en 2018 con el libro The tiranny of metrics, publicado en Princeton University Press, cuyo autor es J.Z. Muller, disc\u00edpulo de Merton, entend\u00ed todo el problema, su origen y el porqu\u00e9 de su propagaci\u00f3n. Un resumen apareci\u00f3 en Las Provincias, <strong>Invisibles efectos negativos de los r\u00e1nquines<\/strong>, est\u00e1 en mi blog <strong>https:\/\/www.disidenciadigital.com.&nbsp;<\/strong><\/p>\n\n\n\n<p class=\"wp-block-paragraph\"><strong>G<\/strong>: \u00bfCre\u00e9is que contin\u00faa esa presi\u00f3n?<\/p>\n\n\n\n<p class=\"wp-block-paragraph\"><strong>L:<\/strong> Claro y aumentada. El mecanismo es el siguiente, el vicerrectorado de investigaci\u00f3n hace lo que se hac\u00eda en el IMM, cu\u00e1nto m\u00e1s publica el centro m\u00e1s recursos recibe. Cuando se detect\u00f3 en el IMM ese fraude de los investigadores, se dijo en el IMM y el actual director lo sab\u00eda.&nbsp; Se dijo que hab\u00eda que cambiar, y me dijo que no pod\u00eda porque ten\u00eda estudiantes que promocionar, que lo hiciera yo. <strong>Y lo hice. As\u00ed me cur\u00e9. Ellos contin\u00faan enfermos.<\/strong><\/p>\n\n\n\n<p class=\"wp-block-paragraph\"><strong>A<\/strong>: Adem\u00e1s el rector actual, que era vicerrector de investigaci\u00f3n antes, lo sabe. Yo <strong>escrib\u00ed un art\u00edculo en Las Provincias<\/strong> donde lo contaba, y me dijo que no cre\u00eda que llegara a tanto la presi\u00f3n como para enfermar los investigadores. <strong>Los rectores son responsables principales, monitorizan su gesti\u00f3n mir\u00e1ndose en el espejo del ranquin, y gastan una cantidad enorme de dinero porque para salir en un ranquin tienes que pagar mucho, para que midan tu universidad.&nbsp;<\/strong><\/p>\n\n\n\n<p class=\"wp-block-paragraph\"><strong>L<\/strong>: Se producen monta\u00f1as ciencia fungible, catedr\u00e1ticos \u201cblandos\u201d abundan en el campus universitario actual. Seguro que hay muchos catedr\u00e1ticos infelices como dice L\u00f3pez-C\u00f3zar, mediocres catedr\u00e1ticos llenan las universidades espa\u00f1olas. <strong>Los culpables son los rectores de la pr\u00e1ctica totalidad de universidades p\u00fablicas espa\u00f1olas<\/strong>. La CRUE los contagia a todos, <strong>es un grupo gregario del gobierno para recibir fondos<\/strong>, algunos indebidos como los Next Generation que deber\u00edan haber sido destinados a recuperar empresas privadas obligadas a cerrar por el Gobierno de Espa\u00f1a por la pandemia. Los gobiernos socialistas gastan y sobre financian empresas p\u00fablicas porque les votan m\u00e1s que las privadas.<\/p>\n\n\n\n<p class=\"wp-block-paragraph\"><strong>G<\/strong>: \u00bfLo saben las familias que env\u00edan a sus hijos a estudiar?<\/p>\n\n\n\n<p class=\"wp-block-paragraph\"><strong>A:<\/strong> Pagando un precio descontado al 80% creen que deben hacerlo. Si los padres estudiaron en la universidad hace 30 a\u00f1os no saben lo que es ahora. Si los padres no estudiaron en la universidad peor a\u00fan, creen que pagar la universidad a sus hijos es hacer un bien, pero se equivocan, y adem\u00e1s sus hijos salen con la cabeza llena de micro-socialismos. <strong>La universidad prepara para ser empleado p\u00fablico<\/strong>.<\/p>\n\n\n\n<p class=\"wp-block-paragraph\"><strong>L:<\/strong> El t\u00edtulo universitario no garantiza nada porque hay inflaci\u00f3n de titulados. En los \u00faltimos 7 a\u00f1os han emigrado 800.000 titulados espa\u00f1oles.<\/p>\n\n\n\n<p class=\"wp-block-paragraph\"><strong>G<\/strong>: \u00bfDe qu\u00e9 llegan enfermos los estudiantes a la universidad?<\/p>\n\n\n\n<p class=\"wp-block-paragraph\">A: Llevamos m\u00e1s de dos d\u00e9cadas, desde que lleg\u00f3 el diablo Zapatero, que todo el sistema educativo est\u00e1 infectado de socialismo en sentido amplio, de secularizaci\u00f3n, estatismo, ideolog\u00eda de g\u00e9nero, antipatriotismo. Todo son derechos y ninguna obligaci\u00f3n, porque claro, la igualdad de oportunidades para el socialismo es que todos tengan el t\u00edtulo que buscan. El socialismo alega <strong>que si algo es dif\u00edcil s\u00f3lo los ricos podr\u00e1n obtenerlo, as\u00ed que se regala a todos<\/strong>.<\/p>\n\n\n\n<p class=\"wp-block-paragraph\"><strong>L<\/strong>: Si se \u201cregala\u201d el titulo a todos, lo que ocurre es que los hijos de los ricos tambi\u00e9n lo tienen y sus relaciones sociales hacen que saquen mucha m\u00e1s ventaja todav\u00eda. El recurso no socialista de los m\u00e1s pobres siempre ha sido la dificultad para que brille el esfuerzo y el talento, pero la propaganda socialista promete que <strong>no tendremos nada y seremos felices.&nbsp;<\/strong> Hay que ser imb\u00e9cil para creerse tales esl\u00f3ganes. Sin propiedad no hay libertad, dependes del Estado para todo.<\/p>","protected":false},"excerpt":{"rendered":"<p>La evaluaci\u00f3n cuantitativa solo es aplicable a actividades mec\u00e1nicas. Conversaciones del Caba\u00f1al. Profesores universitarios comentan la actualidad en la bodega El Caba\u00f1al.&nbsp; G: Por fin pas\u00f3 el eclipse solar, \u00bfqu\u00e9 hab\u00e9is le\u00eddo esta semana? L: Me preocupan los eclipses que nadie ve. Los dirigentes no quieren cr\u00edticas, las quieren callar, incluso legislan y llaman bulos &#8230; <a title=\"Evaluaciones que deval\u00faan, derrochan y enferman\" class=\"read-more\" href=\"https:\/\/disidenciadigital.com\/en\/evaluaciones-que-devaluan-derrochan-y-enferman\/\" aria-label=\"More on Evaluaciones que deval\u00faan, derrochan y enferman\">Read more<\/a><\/p>","protected":false},"author":2,"featured_media":0,"comment_status":"open","ping_status":"open","sticky":false,"template":"","format":"standard","meta":{"footnotes":""},"categories":[16],"tags":[],"class_list":["post-1004","post","type-post","status-publish","format-standard","hentry","category-sociedad"],"_links":{"self":[{"href":"https:\/\/disidenciadigital.com\/en\/wp-json\/wp\/v2\/posts\/1004","targetHints":{"allow":["GET"]}}],"collection":[{"href":"https:\/\/disidenciadigital.com\/en\/wp-json\/wp\/v2\/posts"}],"about":[{"href":"https:\/\/disidenciadigital.com\/en\/wp-json\/wp\/v2\/types\/post"}],"author":[{"embeddable":true,"href":"https:\/\/disidenciadigital.com\/en\/wp-json\/wp\/v2\/users\/2"}],"replies":[{"embeddable":true,"href":"https:\/\/disidenciadigital.com\/en\/wp-json\/wp\/v2\/comments?post=1004"}],"version-history":[{"count":1,"href":"https:\/\/disidenciadigital.com\/en\/wp-json\/wp\/v2\/posts\/1004\/revisions"}],"predecessor-version":[{"id":1005,"href":"https:\/\/disidenciadigital.com\/en\/wp-json\/wp\/v2\/posts\/1004\/revisions\/1005"}],"wp:attachment":[{"href":"https:\/\/disidenciadigital.com\/en\/wp-json\/wp\/v2\/media?parent=1004"}],"wp:term":[{"taxonomy":"category","embeddable":true,"href":"https:\/\/disidenciadigital.com\/en\/wp-json\/wp\/v2\/categories?post=1004"},{"taxonomy":"post_tag","embeddable":true,"href":"https:\/\/disidenciadigital.com\/en\/wp-json\/wp\/v2\/tags?post=1004"}],"curies":[{"name":"wp","href":"https:\/\/api.w.org\/{rel}","templated":true}]}}